{"id":131,"date":"2007-10-07T21:36:43","date_gmt":"2007-10-07T20:36:43","guid":{"rendered":"http:\/\/ktk.netlabs.org\/blog\/?p=131"},"modified":"2007-10-07T21:39:42","modified_gmt":"2007-10-07T20:39:42","slug":"nachwehen","status":"publish","type":"post","link":"https:\/\/ktk.netlabs.org\/blog\/2007\/10\/nachwehen\/","title":{"rendered":"Nachwehen"},"content":{"rendered":"<p>Der Wahlkampf 2007 geht langsam dem Ende zu, dazu gab es von der SVP letzten Samstag noch den heissen Abschluss. Die Reaktionen waren heftig, der Marsch der SVP dauerte n\u00e4mlich nicht wirklich lange, sondern loopte quasi durch die Altstadt in Bern. Den autonomen Gruppierungen ist es gelungen, die Polizei so zu verwirren, dass der Bundesplatz am Schluss nicht mehr kontrolliert wurde und so in einer offenbar sehr kurzen Zeit komplett Versammlungs-untauglich gemacht werden konnte (es wurde alles kurz und klein geschlagen).<\/p>\n<p>Und nun sind nat\u00fcrlich <a href=\"http:\/\/news.google.ch\/nwshp?oe=UTF-8&amp;hl=de&amp;tab=wn&amp;ncl=1106348040&amp;topic=n\">alle am rumschreien<\/a>. Verlierer ist die Demokratie,  Angriff auf die Meinungsfreiheit und so weiter. Die SVP geht in ihrem <a href=\"http:\/\/www.svp.ch\/?page_id=3334\">Pressecommuniqu\u00e9<\/a> noch weiter und schreibt:<\/p>\n<blockquote><p><em><span style=\"font-size: 10pt; font-family: Verdana\" lang=\"DE-CH\">Das traurige Resultat: Das Volk muss zur Kenntnis nehmen, dass eine linksfaschistische Gewaltbereitschaft \u00fcber unsere verfassungsm\u00e4ssigen B\u00fcrgerfreiheiten triumphieren kann. Ein Staat der die freie Meinungs\u00e4usserung und die friedliche politische Manifestation nicht zu gew\u00e4hrleisten im Stande ist, h\u00f6rt auf Rechtsstaat zu sein. Dies sind die Fr\u00fcchte der links-gr\u00fcnen Politik durch die jahrelange Verh\u00e4tschelung, das Totschweigen, Sch\u00f6nreden und die Duldung linksalternativer Gewaltexzesse.<\/span><\/em><\/p><\/blockquote>\n<p>Soso, die SVP macht sich also Sorgen um den Rechtsstaat. Die Partei, die mal locker die <a href=\"http:\/\/de.wikipedia.org\/wiki\/Sippenhaft\">Sippenhaft<\/a> in eine Initiative reinbringt, die <a href=\"http:\/\/www.arsrhetorica.ch\/Abstimmungsplakate_historisch_2.htm\">Messerstecherplakate<\/a> erfunden hat und in diesem Wahlkampf mit <a href=\"http:\/\/www.spiegel.de\/politik\/ausland\/0,1518,507481,00.html\">Plakaten Propaganda<\/a> macht, die nur von ziemlichen Idioten als nicht fremdenfeindlich interpretiert werden k\u00f6nnen. Dazu verwendet sie auch den Ausdruck <a href=\"http:\/\/de.wikipedia.org\/wiki\/Linksfaschismus\">Linksfaschismus<\/a>, der laut Wikipedia <em>im Rechtsextremismus zur Diffamierung politischer Gegner<\/em> verwendet wird.  Wie hiess es doch im <a href=\"http:\/\/www.nzz.ch\/nachrichten\/schweiz\/aktuell\/kundgebungen_in_bern_svp_1.565570.html\">NZZ Artikel<\/a>: <span id=\"articleAjaxDiv\" name=\"articleAjaxDiv\"><em>Auch ein paar Glatzk\u00f6pfe hatten sich diskret unter das SVP-Volk gemischt<\/em>. Soviel zum Thema Faschismus&#8230;<\/span><\/p>\n<p>Nebst der erstaunlich guten Berichterstattung zum Tag selber in der NZZ ist im <a href=\"http:\/\/www.nzz.ch\/nachrichten\/schweiz\/aktuell\/wo_chaoten_regieren_nzz_kommentar_1.566175.html\">Kommentar<\/a> dann <a href=\"http:\/\/www.danielejenni.ch\/\">Daniele Jenni<\/a> der S\u00fcndenbock. Dabei wird nicht darauf eingegangen, dass die Gegenkundgebung bis am Schluss friedlich gelaufen ist, nein er ist ist gleich daf\u00fcr verantwortlich, dass es so ausgeartet ist. Und den &#8220;Chaoten&#8221; spricht er schon mal jegliche politische Motivation ab.<\/p>\n<p>Man kann sicher davon ausgehen, dass auch bei dieser Demo wieder eine gr\u00f6ssere Gruppe von Leuten mitmacht, denen es nur um die Strassenschlacht geht. Aber der letzte Samstag ist eine direkte Folge der Politik der SVP der letzten 15 Jahren. Wer st\u00e4ndig provoziert muss nicht erstaunt sein, wenn das Fass bei einigen Leuten \u00fcberl\u00e4uft und die Ohmacht mit Gewalt abreagiert wird, zumal die SVP mit dem &#8220;Marsch auf die Hauptstadt&#8221; noch die perfekte Basis daf\u00fcr gibt. Wenn Blocher sich nicht gerade in der tiefsten Provinz aufh\u00e4lt um Reden zu halten, wird er seit Jahren von Gegendemonstrationen begleitet, halt kleiner und weniger spektatul\u00e4rer als die vom letzten Samstag. Es soll also niemand erz\u00e4hlen, sowas habe man nicht erwartet.<\/p>\n<p>Ach ja, auch wenn jetzt diverse Kommentatoren dies als Wahlkampfhilfe f\u00fcr die SVP bezeichnen: Ge\u00e4ndert hat sich am Samstag sicher nichts. Wer die SVP hasst, hasst sie noch mehr. Wer die SVP liebt, f\u00fchlt sich best\u00e4rkt und wird sich auch in Zukunft tapfer gegen die &#8220;links-gr\u00fcne&#8221; Politk wehren. Etwas Geschichte w\u00fcrde auch hier helfen, Vorl\u00e4ufer der SVP war n\u00e4mlich die von <a href=\"http:\/\/de.wikipedia.org\/wiki\/Bauern-%2C_Gewerbe-_und_B%C3%BCrgerpartei\">Rudolf Minger<\/a> gegr\u00fcndete <a href=\"http:\/\/de.wikipedia.org\/wiki\/Bauern-%2C_Gewerbe-_und_B%C3%BCrgerpartei\">Bauern-, Gewerbe- und B\u00fcrgerpartei<\/a>. Und Minger war ein klarer Gegner des Faschismus, dies wurde in der <a href=\"http:\/\/www.vbs.admin.ch\/internet\/vbs\/de\/home\/documentation\/reden\/reden2005\/050814a.html\">Rede zum 50. Todestag<\/a> von Minger hervorgehoben. Und zwar von niemand anderem als SVP Bundesrat Samuel Schmid&#8230;<\/p>\n","protected":false},"excerpt":{"rendered":"<p>Der Wahlkampf 2007 geht langsam dem Ende zu, dazu gab es von der SVP letzten Samstag noch den heissen Abschluss. Die Reaktionen waren heftig, der Marsch der SVP dauerte n\u00e4mlich nicht wirklich lange, sondern loopte quasi durch die Altstadt in Bern. Den autonomen Gruppierungen ist es gelungen, die Polizei so zu verwirren, dass der Bundesplatz [&hellip;]<\/p>\n","protected":false},"author":1,"featured_media":0,"comment_status":"open","ping_status":"open","sticky":false,"template":"","format":"standard","meta":{"footnotes":""},"categories":[5],"tags":[],"class_list":["post-131","post","type-post","status-publish","format-standard","hentry","category-life-the-universe-and-everything"],"_links":{"self":[{"href":"https:\/\/ktk.netlabs.org\/blog\/wp-json\/wp\/v2\/posts\/131","targetHints":{"allow":["GET"]}}],"collection":[{"href":"https:\/\/ktk.netlabs.org\/blog\/wp-json\/wp\/v2\/posts"}],"about":[{"href":"https:\/\/ktk.netlabs.org\/blog\/wp-json\/wp\/v2\/types\/post"}],"author":[{"embeddable":true,"href":"https:\/\/ktk.netlabs.org\/blog\/wp-json\/wp\/v2\/users\/1"}],"replies":[{"embeddable":true,"href":"https:\/\/ktk.netlabs.org\/blog\/wp-json\/wp\/v2\/comments?post=131"}],"version-history":[{"count":0,"href":"https:\/\/ktk.netlabs.org\/blog\/wp-json\/wp\/v2\/posts\/131\/revisions"}],"wp:attachment":[{"href":"https:\/\/ktk.netlabs.org\/blog\/wp-json\/wp\/v2\/media?parent=131"}],"wp:term":[{"taxonomy":"category","embeddable":true,"href":"https:\/\/ktk.netlabs.org\/blog\/wp-json\/wp\/v2\/categories?post=131"},{"taxonomy":"post_tag","embeddable":true,"href":"https:\/\/ktk.netlabs.org\/blog\/wp-json\/wp\/v2\/tags?post=131"}],"curies":[{"name":"wp","href":"https:\/\/api.w.org\/{rel}","templated":true}]}}